{"id":2561,"date":"2022-03-21T13:55:57","date_gmt":"2022-03-21T13:55:57","guid":{"rendered":"https:\/\/new.fiscallegalteam.com\/?p=2561"},"modified":"2023-03-15T15:50:29","modified_gmt":"2023-03-15T15:50:29","slug":"deux-avantages-fiscaux-a-saisir-au-plus-tard-ce-31-janvier","status":"publish","type":"post","link":"https:\/\/fiscallegalteam.com\/en\/deux-avantages-fiscaux-a-saisir-au-plus-tard-ce-31-janvier\/","title":{"rendered":"Two tax advantages to be seized by January 31!"},"content":{"rendered":"<div data-elementor-type=\"wp-post\" data-elementor-id=\"2561\" class=\"elementor elementor-2561\" data-elementor-post-type=\"post\">\n\t\t\t\t\t\t<section class=\"elementor-section elementor-top-section elementor-element elementor-element-4fce9a6 elementor-section-boxed elementor-section-height-default elementor-section-height-default\" data-id=\"4fce9a6\" data-element_type=\"section\">\n\t\t\t\t\t\t<div class=\"elementor-container elementor-column-gap-default\">\n\t\t\t\t\t<div class=\"elementor-column elementor-col-100 elementor-top-column elementor-element elementor-element-970c1d3\" data-id=\"970c1d3\" data-element_type=\"column\">\n\t\t\t<div class=\"elementor-widget-wrap elementor-element-populated\">\n\t\t\t\t\t\t<div class=\"elementor-element elementor-element-f1f42fd elementor-widget elementor-widget-text-editor\" data-id=\"f1f42fd\" data-element_type=\"widget\" data-widget_type=\"text-editor.default\">\n\t\t\t\t\t\t\t\t\t<p>Our aim is to inform you in good time of the legal and tax provisions that will enable you to minimize your taxes as much as possible. We therefore invite you to take note of this informative note and, if necessary, to act immediately, which focuses on two tax advantages to be taken advantage of before 01\/31\/2022<\/p>\t\t\t\t\t\t\t\t<\/div>\n\t\t\t\t<div class=\"elementor-element elementor-element-f483dd6 elementor-widget elementor-widget-heading\" data-id=\"f483dd6\" data-element_type=\"widget\" data-widget_type=\"heading.default\">\n\t\t\t\t\t<h2 class=\"elementor-heading-title elementor-size-default\">1- Declaration of unemployment<\/h2>\t\t\t\t<\/div>\n\t\t\t\t\t<\/div>\n\t\t<\/div>\n\t\t\t\t\t<\/div>\n\t\t<\/section>\n\t\t\t\t<section class=\"elementor-section elementor-top-section elementor-element elementor-element-51626e2 elementor-section-boxed elementor-section-height-default elementor-section-height-default\" data-id=\"51626e2\" data-element_type=\"section\">\n\t\t\t\t\t\t<div class=\"elementor-container elementor-column-gap-default\">\n\t\t\t\t\t<div class=\"elementor-column elementor-col-66 elementor-top-column elementor-element elementor-element-8dcd865\" data-id=\"8dcd865\" data-element_type=\"column\">\n\t\t\t<div class=\"elementor-widget-wrap elementor-element-populated\">\n\t\t\t\t\t\t<div class=\"elementor-element elementor-element-ce620fe elementor-widget elementor-widget-text-editor\" data-id=\"ce620fe\" data-element_type=\"widget\" data-widget_type=\"text-editor.default\">\n\t\t\t\t\t\t\t\t\t<p>Article 15 of law no. 47-06 on local authority taxation.<\/p><p>If, in the 2021 financial year, your establishment has suffered partial or total unemployment, you must file a declaration indicating your business tax identification number, the location of your establishment, the reasons, the supporting documents and the description of the unemployed part.<\/p><p>This formality must be carried out <strong>no later than Monday, January 31, 2022.<\/strong><\/p><p>Thus, in the event of partial or total unemployment of a company, for a period of one calendar year, the taxpayer can obtain <strong>business tax rebate or discharge.<\/strong><\/p>\t\t\t\t\t\t\t\t<\/div>\n\t\t\t\t\t<\/div>\n\t\t<\/div>\n\t\t\t\t<div class=\"elementor-column elementor-col-33 elementor-top-column elementor-element elementor-element-33d1fd8\" data-id=\"33d1fd8\" data-element_type=\"column\">\n\t\t\t<div class=\"elementor-widget-wrap elementor-element-populated\">\n\t\t\t\t\t\t<div class=\"elementor-element elementor-element-7819480 elementor-widget elementor-widget-image\" data-id=\"7819480\" data-element_type=\"widget\" data-widget_type=\"image.default\">\n\t\t\t\t\t\t\t\t\t\t\t\t\t\t\t<img fetchpriority=\"high\" decoding=\"async\" width=\"370\" height=\"247\" src=\"https:\/\/fiscallegalteam.com\/wp-content\/uploads\/2023\/03\/entreprise-chut-370x247-1.jpg\" class=\"attachment-large size-large wp-image-2640\" alt=\"\" srcset=\"https:\/\/fiscallegalteam.com\/wp-content\/uploads\/2023\/03\/entreprise-chut-370x247-1.jpg 370w, https:\/\/fiscallegalteam.com\/wp-content\/uploads\/2023\/03\/entreprise-chut-370x247-1-300x200.jpg 300w\" sizes=\"(max-width: 370px) 100vw, 370px\" \/>\t\t\t\t\t\t\t\t\t\t\t\t\t\t\t<\/div>\n\t\t\t\t\t<\/div>\n\t\t<\/div>\n\t\t\t\t\t<\/div>\n\t\t<\/section>\n\t\t\t\t<section class=\"elementor-section elementor-top-section elementor-element elementor-element-311e660 elementor-section-boxed elementor-section-height-default elementor-section-height-default\" data-id=\"311e660\" data-element_type=\"section\">\n\t\t\t\t\t\t<div class=\"elementor-container elementor-column-gap-default\">\n\t\t\t\t\t<div class=\"elementor-column elementor-col-100 elementor-top-column elementor-element elementor-element-48ff370\" data-id=\"48ff370\" data-element_type=\"column\">\n\t\t\t<div class=\"elementor-widget-wrap elementor-element-populated\">\n\t\t\t\t\t\t<div class=\"elementor-element elementor-element-549d742 elementor-widget elementor-widget-heading\" data-id=\"549d742\" data-element_type=\"widget\" data-widget_type=\"heading.default\">\n\t\t\t\t\t<h2 class=\"elementor-heading-title elementor-size-default\">2- Temporary cessation of activity<\/h2>\t\t\t\t<\/div>\n\t\t\t\t<div class=\"elementor-element elementor-element-13207c5 elementor-widget elementor-widget-text-editor\" data-id=\"13207c5\" data-element_type=\"widget\" data-widget_type=\"text-editor.default\">\n\t\t\t\t\t\t\t\t\t<p>Since January 1, 2018, companies have been able to file a declaration of temporary cessation of activity with the Direction G\u00e9n\u00e9rale des Imp\u00f4ts.<\/p>\n<p>This measure enables the company to freeze its activity without going into liquidation.<\/p>\n<p>This statement must be signed<strong> no later than Monday, January 31, 2022<\/strong>for a period of two years, renewable for a single financial year.<\/p>\n<p>During this standby period, the company is exempt from paying the minimum contribution.<\/p>\n<p>The company also benefits, under Article 150-bis of the 2019 Finance Act, from the option of filing a single annual VAT return.<\/p>\n<p>Should you require any further information on this subject, please do not hesitate to contact our legal and tax team.<\/p>\n<p>Don't hesitate to contact us for a study of your case and relevant advice on tax optimization for your business.<\/p>\n<p>The accounting firm Fiscal &amp; L\u00e9gal Team can assist you in accounting, taxation and legal matters, for example:<\/p>\n<ul>\n<li><a href=\"https:\/\/fiscallegalteam.com\/en\/nos-service-en-comptabilite\/\">Business start-ups ;&nbsp;<\/a><\/li>\n<li><a href=\"https:\/\/fiscallegalteam.com\/en\/nos-service-en-comptabilite\/\">Bookkeeping<\/a><\/li>\n<li><a href=\"https:\/\/fiscallegalteam.com\/en\/nos-service-en-expertise-sociale-et-grh\/\">Social Expertise and HRM<\/a><\/li>\n<li><a href=\"https:\/\/fiscallegalteam.com\/en\/nos-service-en-conseils-juridiques\/\">Legal advice<\/a><\/li>\n<li><a href=\"https:\/\/fiscallegalteam.com\/en\/nos-service-en-comptabilite\/\">Processing pay slips ;<\/a><\/li>\n<li><a href=\"https:\/\/fiscallegalteam.com\/en\/nos-services-en-optimisation-fiscale\/\">Tax optimization;<\/a><\/li>\n<li><a href=\"https:\/\/fiscallegalteam.com\/en\/nos-service-en-comptabilite\/\">Outsourcing accounting and tax returns ;<\/a><\/li>\n<li><a href=\"https:\/\/fiscallegalteam.com\/en\/nos-services-en-digitalisation\/\">Digitization<\/a><\/li>\n<li><a href=\"https:\/\/fiscallegalteam.com\/en\/nos-service-en-accompagnement-des-entreprises\/\">Company support<\/a><\/li>\n<\/ul>\n<p>Faithfully yours,<\/p><p>Ilham Taha-Bouamri<\/p><p>Chartered accountant and tax specialist<\/p>\t\t\t\t\t\t\t\t<\/div>\n\t\t\t\t\t<\/div>\n\t\t<\/div>\n\t\t\t\t\t<\/div>\n\t\t<\/section>\n\t\t\t\t<\/div>","protected":false},"excerpt":{"rendered":"<p>Notre objectif \u00e9tant de vous informer en temps et en heure des dispositions juridiques et fiscales afin de minimiser un maximum vos imp\u00f4ts, nous vous invitons \u00e0 prendre connaissance de cette note informative et \u00e9ventuellement \u00e0 agir imm\u00e9diatement, qui s\u2019articule autout des deux avantages fiscaux \u00e0 saisir avant le 31\/01\/2022 \/*! [&hellip;]<\/p>","protected":false},"author":2,"featured_media":2653,"comment_status":"open","ping_status":"open","sticky":false,"template":"","format":"standard","meta":{"footnotes":""},"categories":[3],"tags":[],"class_list":["post-2561","post","type-post","status-publish","format-standard","has-post-thumbnail","hentry","category-fiscalite"],"_links":{"self":[{"href":"https:\/\/fiscallegalteam.com\/en\/wp-json\/wp\/v2\/posts\/2561","targetHints":{"allow":["GET"]}}],"collection":[{"href":"https:\/\/fiscallegalteam.com\/en\/wp-json\/wp\/v2\/posts"}],"about":[{"href":"https:\/\/fiscallegalteam.com\/en\/wp-json\/wp\/v2\/types\/post"}],"author":[{"embeddable":true,"href":"https:\/\/fiscallegalteam.com\/en\/wp-json\/wp\/v2\/users\/2"}],"replies":[{"embeddable":true,"href":"https:\/\/fiscallegalteam.com\/en\/wp-json\/wp\/v2\/comments?post=2561"}],"version-history":[{"count":13,"href":"https:\/\/fiscallegalteam.com\/en\/wp-json\/wp\/v2\/posts\/2561\/revisions"}],"predecessor-version":[{"id":2826,"href":"https:\/\/fiscallegalteam.com\/en\/wp-json\/wp\/v2\/posts\/2561\/revisions\/2826"}],"wp:featuredmedia":[{"embeddable":true,"href":"https:\/\/fiscallegalteam.com\/en\/wp-json\/wp\/v2\/media\/2653"}],"wp:attachment":[{"href":"https:\/\/fiscallegalteam.com\/en\/wp-json\/wp\/v2\/media?parent=2561"}],"wp:term":[{"taxonomy":"category","embeddable":true,"href":"https:\/\/fiscallegalteam.com\/en\/wp-json\/wp\/v2\/categories?post=2561"},{"taxonomy":"post_tag","embeddable":true,"href":"https:\/\/fiscallegalteam.com\/en\/wp-json\/wp\/v2\/tags?post=2561"}],"curies":[{"name":"wp","href":"https:\/\/api.w.org\/{rel}","templated":true}]}}